{"id":60,"date":"2026-01-28T08:32:01","date_gmt":"2026-01-28T08:32:01","guid":{"rendered":"https:\/\/servisi.web.tr\/ariza-kodlari\/?p=60"},"modified":"2026-01-28T16:17:41","modified_gmt":"2026-01-28T16:17:41","slug":"vestel-klima-e3-ariza-kodu","status":"publish","type":"post","link":"https:\/\/servisi.web.tr\/ariza-kodlari\/vestel-klima-e3-ariza-kodu\/","title":{"rendered":"Vestel Klima E3 Ar\u0131za Kodu"},"content":{"rendered":"<h1 data-start=\"278\" data-end=\"340\"><\/h1>\n<p><img loading=\"lazy\" decoding=\"async\" class=\"size-full wp-image-81 aligncenter\" src=\"https:\/\/servisi.web.tr\/ariza-kodlari\/wp-content\/uploads\/2026\/01\/vestel-e3-ariza-kodu-1.png\" alt=\"\" width=\"700\" height=\"700\" srcset=\"https:\/\/servisi.web.tr\/ariza-kodlari\/wp-content\/uploads\/2026\/01\/vestel-e3-ariza-kodu-1.png 700w, https:\/\/servisi.web.tr\/ariza-kodlari\/wp-content\/uploads\/2026\/01\/vestel-e3-ariza-kodu-1-300x300.png 300w, https:\/\/servisi.web.tr\/ariza-kodlari\/wp-content\/uploads\/2026\/01\/vestel-e3-ariza-kodu-1-150x150.png 150w, https:\/\/servisi.web.tr\/ariza-kodlari\/wp-content\/uploads\/2026\/01\/vestel-e3-ariza-kodu-1-250x250.png 250w\" sizes=\"auto, (max-width: 700px) 100vw, 700px\" \/><\/p>\n<h1 data-start=\"278\" data-end=\"340\">Vestel E3 Klima Ar\u0131za Kodu<\/h1>\n<p>&nbsp;<\/p>\n<p data-start=\"367\" data-end=\"668\">Vestel klimalarda g\u00f6r\u00fclen <a href=\"https:\/\/servisi.web.tr\/ariza-kodlari\/vestel-klima-e3-ariza-kodu\/\"><strong data-start=\"393\" data-end=\"407\">E3 ar\u0131zas\u0131<\/strong><\/a>, \u00e7o\u011funlukla d\u0131\u015f \u00fcnite fan motoru veya fan devresiyle ilgili bir sorunu g\u00f6sterir. Klima, g\u00fcvenlik amac\u0131yla \u00e7al\u0131\u015fmay\u0131 durdurabilir veya fan devresi devre d\u0131\u015f\u0131 kalabilir. Bu ar\u0131za \u00e7o\u011fu zaman ciddi de\u011fildir; \u00f6nce basit kontroller yaparak durumu anlayabilirsiniz.<\/p>\n<hr data-start=\"670\" data-end=\"673\" \/>\n<h2 data-start=\"675\" data-end=\"722\">Vestel Klima E3 Ar\u0131zas\u0131 Ne Anlama Gelir?<\/h2>\n<p data-start=\"724\" data-end=\"844\">E3 kodu, <a href=\"https:\/\/servisi.web.tr\/ariza-kodlari\/vestel\/\">Vestel<\/a> klimalarda <strong data-start=\"751\" data-end=\"832\">d\u0131\u015f \u00fcnite fan motorunun d\u00f6nmedi\u011fini veya devrede k\u0131sa\/bozuk ba\u011flant\u0131 oldu\u011funu<\/strong> g\u00f6sterir.<\/p>\n<ul data-start=\"846\" data-end=\"1127\">\n<li data-start=\"846\" data-end=\"913\">\n<p data-start=\"848\" data-end=\"913\">D\u0131\u015f \u00fcnite fan\u0131, kompres\u00f6r\u00fcn ve sistemin a\u015f\u0131r\u0131 \u0131s\u0131nmas\u0131n\u0131 \u00f6nler.<\/p>\n<\/li>\n<li data-start=\"914\" data-end=\"1016\">\n<p data-start=\"916\" data-end=\"1016\">Fan motoru \u00e7al\u0131\u015fmazsa, klima kendini korumak i\u00e7in kompres\u00f6r\u00fc durdurabilir veya E3 kodunu g\u00f6sterir.<\/p>\n<\/li>\n<li data-start=\"1017\" data-end=\"1127\">\n<p data-start=\"1019\" data-end=\"1127\">Son kullan\u0131c\u0131 i\u00e7in anlam\u0131: \u201cD\u0131\u015f \u00fcnite yeterince hava \u00fcflemiyor, sistem g\u00fcvenli modda \u00e7al\u0131\u015f\u0131yor\u201d mesaj\u0131d\u0131r.<\/p>\n<\/li>\n<\/ul>\n<p data-start=\"1129\" data-end=\"1212\">E3 genellikle ciddi bir kart ar\u0131zas\u0131 de\u011fil, fan motoru veya ba\u011flant\u0131 kaynakl\u0131d\u0131r.<\/p>\n<hr data-start=\"1214\" data-end=\"1217\" \/>\n<h2 data-start=\"1219\" data-end=\"1266\">Vestel E3 Ar\u0131zas\u0131n\u0131n En Yayg\u0131n Nedenleri<\/h2>\n<p data-start=\"1268\" data-end=\"1327\">20+ y\u0131ll\u0131k servis tecr\u00fcbeme dayanarak haz\u0131rlad\u0131\u011f\u0131m tablo:<\/p>\n<div class=\"TyagGW_tableContainer\">\n<div class=\"group TyagGW_tableWrapper flex flex-col-reverse w-fit\" tabindex=\"-1\">\n<table class=\"w-fit min-w-(--thread-content-width)\" data-start=\"1329\" data-end=\"1792\">\n<thead data-start=\"1329\" data-end=\"1365\">\n<tr data-start=\"1329\" data-end=\"1365\">\n<th data-start=\"1329\" data-end=\"1337\" data-col-size=\"sm\">Neden<\/th>\n<th data-start=\"1337\" data-end=\"1348\" data-col-size=\"md\">A\u00e7\u0131klama<\/th>\n<th data-start=\"1348\" data-end=\"1365\" data-col-size=\"sm\">G\u00f6r\u00fclme Oran\u0131<\/th>\n<\/tr>\n<\/thead>\n<tbody data-start=\"1403\" data-end=\"1792\">\n<tr data-start=\"1403\" data-end=\"1484\">\n<td data-start=\"1403\" data-end=\"1434\" data-col-size=\"sm\">D\u0131\u015f \u00fcnite fan motoru ar\u0131zas\u0131<\/td>\n<td data-start=\"1434\" data-end=\"1477\" data-col-size=\"md\">Motor bobini veya fan pervanesi bozulmu\u015f<\/td>\n<td data-start=\"1477\" data-end=\"1484\" data-col-size=\"sm\">%40<\/td>\n<\/tr>\n<tr data-start=\"1485\" data-end=\"1580\">\n<td data-start=\"1485\" data-end=\"1528\" data-col-size=\"sm\">Fan motoru kablo veya konnekt\u00f6r problemi<\/td>\n<td data-start=\"1528\" data-end=\"1573\" data-col-size=\"md\">Kablolar kopmu\u015f, gev\u015femi\u015f veya oksitlenmi\u015f<\/td>\n<td data-start=\"1573\" data-end=\"1580\" data-col-size=\"sm\">%25<\/td>\n<\/tr>\n<tr data-start=\"1581\" data-end=\"1645\">\n<td data-start=\"1581\" data-end=\"1607\" data-col-size=\"sm\">D\u0131\u015f \u00fcnite kart\u0131 ar\u0131zas\u0131<\/td>\n<td data-start=\"1607\" data-end=\"1638\" data-col-size=\"md\">Motor s\u00fcr\u00fcc\u00fc devresi hasarl\u0131<\/td>\n<td data-start=\"1638\" data-end=\"1645\" data-col-size=\"sm\">%15<\/td>\n<\/tr>\n<tr data-start=\"1646\" data-end=\"1712\">\n<td data-start=\"1646\" data-end=\"1668\" data-col-size=\"sm\">Toz ve kir birikimi<\/td>\n<td data-start=\"1668\" data-end=\"1705\" data-col-size=\"md\">Fan motoru t\u0131kal\u0131 veya zor d\u00f6n\u00fcyor<\/td>\n<td data-start=\"1705\" data-end=\"1712\" data-col-size=\"sm\">%10<\/td>\n<\/tr>\n<tr data-start=\"1713\" data-end=\"1792\">\n<td data-start=\"1713\" data-end=\"1735\" data-col-size=\"sm\">Voltaj dalgalanmas\u0131<\/td>\n<td data-start=\"1735\" data-end=\"1785\" data-col-size=\"md\">D\u00fc\u015f\u00fck\/y\u00fcksek voltaj fan devresini etkileyebilir<\/td>\n<td data-start=\"1785\" data-end=\"1792\" data-col-size=\"sm\">%10<\/td>\n<\/tr>\n<\/tbody>\n<\/table>\n<\/div>\n<\/div>\n<blockquote data-start=\"1794\" data-end=\"1910\">\n<p data-start=\"1796\" data-end=\"1910\">Not: Servis sahas\u0131nda E3\u2019\u00fcn \u00e7o\u011fu fan motoru veya kablo sorunundan kaynaklan\u0131r. Kart de\u011fi\u015fimi nadir ve pahal\u0131d\u0131r.<\/p>\n<\/blockquote>\n<hr data-start=\"1912\" data-end=\"1915\" \/>\n<h2 data-start=\"1917\" data-end=\"1953\">Evde Yap\u0131labilecek Kontroller<\/h2>\n<p data-start=\"1955\" data-end=\"2067\"><strong data-start=\"1955\" data-end=\"1977\">G\u00fcvenlik \u00f6nceli\u011fi:<\/strong> Klimay\u0131 prizden \u00e7ekin ve d\u0131\u015f \u00fcniteye do\u011frudan dokunmay\u0131n. Elektrik \u00e7arpma riski vard\u0131r.<\/p>\n<h3 data-start=\"2069\" data-end=\"2094\">Ad\u0131m ad\u0131m kontroller:<\/h3>\n<ol data-start=\"2096\" data-end=\"2652\">\n<li data-start=\"2096\" data-end=\"2237\">\n<p data-start=\"2099\" data-end=\"2140\"><strong data-start=\"2099\" data-end=\"2138\">Elektrik ba\u011flant\u0131s\u0131n\u0131 kontrol edin:<\/strong><\/p>\n<ul data-start=\"2144\" data-end=\"2237\">\n<li data-start=\"2144\" data-end=\"2193\">\n<p data-start=\"2146\" data-end=\"2193\">D\u0131\u015f \u00fcniteye giden kablolar ve priz d\u00fczg\u00fcn m\u00fc?<\/p>\n<\/li>\n<li data-start=\"2197\" data-end=\"2237\">\n<p data-start=\"2199\" data-end=\"2237\">Sigorta veya reg\u00fclat\u00f6r \u00e7al\u0131\u015f\u0131yor mu?<\/p>\n<\/li>\n<\/ul>\n<\/li>\n<li data-start=\"2239\" data-end=\"2389\">\n<p data-start=\"2242\" data-end=\"2263\"><strong data-start=\"2242\" data-end=\"2261\">G\u00f6rsel kontrol:<\/strong><\/p>\n<ul data-start=\"2267\" data-end=\"2389\">\n<li data-start=\"2267\" data-end=\"2389\">\n<p data-start=\"2269\" data-end=\"2389\">D\u0131\u015f \u00fcnite fan\u0131n\u0131n \u00f6n\u00fcnde herhangi bir engel var m\u0131? Yaprak, toz veya plastik obje fan\u0131n d\u00f6nmesini engelliyor olabilir.<\/p>\n<\/li>\n<\/ul>\n<\/li>\n<li data-start=\"2391\" data-end=\"2526\">\n<p data-start=\"2394\" data-end=\"2410\"><strong data-start=\"2394\" data-end=\"2408\">Resetleme:<\/strong><\/p>\n<ul data-start=\"2414\" data-end=\"2526\">\n<li data-start=\"2414\" data-end=\"2463\">\n<p data-start=\"2416\" data-end=\"2463\">Klimay\u0131 5\u201310 saniye kapal\u0131 tutup tekrar a\u00e7\u0131n.<\/p>\n<\/li>\n<li data-start=\"2467\" data-end=\"2526\">\n<p data-start=\"2469\" data-end=\"2526\">Fan motoru k\u0131sa s\u00fcreli t\u0131kanmalarda tekrar \u00e7al\u0131\u015fabilir.<\/p>\n<\/li>\n<\/ul>\n<\/li>\n<li data-start=\"2528\" data-end=\"2652\">\n<p data-start=\"2531\" data-end=\"2552\"><strong data-start=\"2531\" data-end=\"2550\">Pratik kontrol:<\/strong><\/p>\n<ul data-start=\"2556\" data-end=\"2652\">\n<li data-start=\"2556\" data-end=\"2652\">\n<p data-start=\"2558\" data-end=\"2652\">Fan\u0131n pervanesi manuel olarak hafif\u00e7e d\u00f6nd\u00fcr\u00fcl\u00fcrse d\u00f6n\u00fcyor mu kontrol edin (g\u00fc\u00e7 kapal\u0131yken).<\/p>\n<\/li>\n<\/ul>\n<\/li>\n<\/ol>\n<blockquote data-start=\"2654\" data-end=\"2771\">\n<p data-start=\"2656\" data-end=\"2771\"><strong data-start=\"2656\" data-end=\"2667\">Dikkat:<\/strong> Fan motorunu veya PCB\u2019yi a\u00e7mak sadece yetkili servis i\u015fi. Gaz hatt\u0131na ve inverter kart\u0131na dokunmay\u0131n.<\/p>\n<\/blockquote>\n<hr data-start=\"2773\" data-end=\"2776\" \/>\n<h2 data-start=\"2778\" data-end=\"2819\">Ne Zaman Teknik Servis \u00c7a\u011fr\u0131lmal\u0131?<\/h2>\n<p data-start=\"2821\" data-end=\"2869\">E3 kodunda servis \u00e7a\u011fr\u0131lmas\u0131 gereken durumlar:<\/p>\n<ul data-start=\"2871\" data-end=\"3060\">\n<li data-start=\"2871\" data-end=\"2938\">\n<p data-start=\"2873\" data-end=\"2938\">Fan motoru veya kablolar g\u00f6zle iyi durumda ama E3 devam ediyor.<\/p>\n<\/li>\n<li data-start=\"2939\" data-end=\"2994\">\n<p data-start=\"2941\" data-end=\"2994\"><a href=\"https:\/\/servisi.web.tr\/ariza-kodlari\/vestel\/klima\/\">Klima<\/a> \u00e7al\u0131\u015fm\u0131yor veya sadece i\u00e7 \u00fcnite fan\u0131 d\u00f6n\u00fcyor.<\/p>\n<\/li>\n<li data-start=\"2995\" data-end=\"3060\">\n<p data-start=\"2997\" data-end=\"3060\">Voltaj dalgalanmas\u0131 sonras\u0131 E3 ba\u015flad\u0131 ve reset i\u015fe yaramad\u0131.<\/p>\n<\/li>\n<\/ul>\n<blockquote data-start=\"3062\" data-end=\"3214\">\n<p data-start=\"3064\" data-end=\"3214\"><strong data-start=\"3064\" data-end=\"3091\">Sakin olun, zorlamay\u0131n.<\/strong> Fan motorunu zorlamak veya kliman\u0131n s\u00fcrekli \u00e7al\u0131\u015fmas\u0131na izin vermek, kompres\u00f6r veya kart\u0131n zarar g\u00f6rmesine yol a\u00e7abilir.<\/p>\n<\/blockquote>\n<hr data-start=\"3216\" data-end=\"3219\" \/>\n<h2 data-start=\"3221\" data-end=\"3282\">Vestel Klima E3 Ar\u0131zas\u0131n\u0131 \u00d6nlemek \u0130\u00e7in Bak\u0131m \u00d6nerileri<\/h2>\n<ul data-start=\"3284\" data-end=\"3703\">\n<li data-start=\"3284\" data-end=\"3369\">\n<p data-start=\"3286\" data-end=\"3369\"><strong data-start=\"3286\" data-end=\"3303\">Y\u0131ll\u0131k bak\u0131m:<\/strong> Fan ve d\u0131\u015f \u00fcnite temizli\u011fi, motorun serbest d\u00f6nmesini sa\u011flamak.<\/p>\n<\/li>\n<li data-start=\"3370\" data-end=\"3450\">\n<p data-start=\"3372\" data-end=\"3450\"><strong data-start=\"3372\" data-end=\"3393\">Elektrik voltaj\u0131:<\/strong> Stabil 220\u2013230V besleme, reg\u00fclat\u00f6r kullan\u0131m\u0131 \u00f6nerilir.<\/p>\n<\/li>\n<li data-start=\"3451\" data-end=\"3576\">\n<p data-start=\"3453\" data-end=\"3576\"><strong data-start=\"3453\" data-end=\"3477\">D\u0131\u015f \u00fcnite ko\u015fullar\u0131:<\/strong> Fan\u0131n etraf\u0131nda engel b\u0131rakmay\u0131n; \u00fcniteyi a\u00e7\u0131k ve g\u00f6lgeli bir alanda tutmak motor \u00f6mr\u00fcn\u00fc uzat\u0131r.<\/p>\n<\/li>\n<li data-start=\"3577\" data-end=\"3703\">\n<p data-start=\"3579\" data-end=\"3703\"><strong data-start=\"3579\" data-end=\"3607\">Pratik usta tavsiyeleri:<\/strong> Klimay\u0131 kapatmadan \u00f6nce fan modunu birka\u00e7 dakika \u00e7al\u0131\u015ft\u0131rmak, motorun a\u015f\u0131r\u0131 \u0131s\u0131nmas\u0131n\u0131 \u00f6nler.<\/p>\n<\/li>\n<\/ul>\n<hr data-start=\"3705\" data-end=\"3708\" \/>\n<h2 data-start=\"3710\" data-end=\"3742\">S\u0131k Sorulan Sorular (SSS)<\/h2>\n<p data-start=\"3744\" data-end=\"3782\"><strong data-start=\"3744\" data-end=\"3780\">Soru 1: E3 ar\u0131zas\u0131 tehlikeli mi?<\/strong><\/p>\n<ul data-start=\"3783\" data-end=\"3866\">\n<li data-start=\"3783\" data-end=\"3866\">\n<p data-start=\"3785\" data-end=\"3866\">Hay\u0131r, E3 sadece fan motorunu veya devresini ilgilendirir. Klima kendini korur.<\/p>\n<\/li>\n<\/ul>\n<p data-start=\"3868\" data-end=\"3914\"><strong data-start=\"3868\" data-end=\"3912\">Soru 2: E3 varken klima \u00e7al\u0131\u015ft\u0131r\u0131l\u0131r m\u0131?<\/strong><\/p>\n<ul data-start=\"3915\" data-end=\"4030\">\n<li data-start=\"3915\" data-end=\"4030\">\n<p data-start=\"3917\" data-end=\"4030\">Fan motoru \u00e7al\u0131\u015fmad\u0131\u011f\u0131 i\u00e7in klima kompres\u00f6r\u00fc genellikle devreye girmez. Bu nedenle \u00e7al\u0131\u015ft\u0131rmak m\u00fcmk\u00fcn de\u011fildir.<\/p>\n<\/li>\n<\/ul>\n<p data-start=\"4032\" data-end=\"4087\"><strong data-start=\"4032\" data-end=\"4085\">Soru 3: Fan motorunu kendim de\u011fi\u015ftirebilir miyim?<\/strong><\/p>\n<ul data-start=\"4088\" data-end=\"4206\">\n<li data-start=\"4088\" data-end=\"4206\">\n<p data-start=\"4090\" data-end=\"4206\">Hay\u0131r, d\u0131\u015f \u00fcnite motor de\u011fi\u015fimi servis i\u015fi. Yanl\u0131\u015f i\u015flem inverter kart\u0131na veya motor ba\u011flant\u0131s\u0131na zarar verebilir.<\/p>\n<\/li>\n<\/ul>\n<p data-start=\"4208\" data-end=\"4243\"><strong data-start=\"4208\" data-end=\"4241\">Soru 4: E3 voltajdan m\u0131 olur?<\/strong><\/p>\n<ul data-start=\"4244\" data-end=\"4361\">\n<li data-start=\"4244\" data-end=\"4361\">\n<p data-start=\"4246\" data-end=\"4361\">K\u0131smen evet. D\u00fc\u015f\u00fck veya y\u00fcksek voltaj fan devresini etkileyebilir. Ancak \u00e7o\u011funlukla motor veya kablo kaynakl\u0131d\u0131r.<\/p>\n<\/li>\n<\/ul>\n<p data-start=\"4363\" data-end=\"4416\"><strong data-start=\"4363\" data-end=\"4414\">Soru 5: D\u0131\u015f \u00fcnite fan\u0131 t\u0131kal\u0131ysa ne yapmal\u0131y\u0131m?<\/strong><\/p>\n<ul data-start=\"4417\" data-end=\"4539\">\n<li data-start=\"4417\" data-end=\"4539\">\n<p data-start=\"4419\" data-end=\"4539\">G\u00fc\u00e7 kapal\u0131yken engeli \u00e7\u0131kar\u0131n ve fan\u0131n serbest d\u00f6n\u00fcp d\u00f6nmedi\u011fini kontrol edin. T\u0131kan\u0131kl\u0131k devam ederse servis \u00e7a\u011f\u0131r\u0131n.<\/p>\n<\/li>\n<\/ul>\n<p data-start=\"4541\" data-end=\"4585\"><strong data-start=\"4541\" data-end=\"4583\">Soru 6: Kart ar\u0131zas\u0131 m\u0131 daha s\u0131k olur?<\/strong><\/p>\n<ul data-start=\"4586\" data-end=\"4693\">\n<li data-start=\"4586\" data-end=\"4693\">\n<p data-start=\"4588\" data-end=\"4693\">Hay\u0131r, saha tecr\u00fcbeme g\u00f6re E3\u2019\u00fcn b\u00fcy\u00fck k\u0131sm\u0131 fan motoru veya kablo kaynakl\u0131d\u0131r. Kart de\u011fi\u015fimi nadirdir.<\/p>\n<\/li>\n<\/ul>\n<p data-start=\"4695\" data-end=\"4749\"><strong data-start=\"4695\" data-end=\"4747\">Soru 7: E3 s\u00fcrekli geri geliyorsa ne yapmal\u0131y\u0131m?<\/strong><\/p>\n<ul data-start=\"4750\" data-end=\"4835\">\n<li data-start=\"4750\" data-end=\"4835\">\n<p data-start=\"4752\" data-end=\"4835\">Servis \u00e7a\u011fr\u0131lmal\u0131, fan motoru, kablolar ve kart devresi detayl\u0131 test edilmelidir.<\/p>\n<\/li>\n<\/ul>\n<hr data-start=\"4837\" data-end=\"4840\" \/>\n<p data-start=\"4842\" data-end=\"5090\">Vestel klima E3 ar\u0131zas\u0131 \u00e7o\u011funlukla <strong data-start=\"4877\" data-end=\"4917\">fan motoru veya kablo kontrolleriyle<\/strong> \u00e7\u00f6z\u00fcl\u00fcr. D\u00fczenli bak\u0131m ve voltaj kontrol\u00fc ar\u0131zay\u0131 \u00f6nlemede etkilidir. Panik yapmadan \u00f6nce evde g\u00fcvenli kontrolleri uygulay\u0131n; problem devam ederse yetkili servis \u00e7a\u011f\u0131r\u0131n.<\/p>\n","protected":false},"excerpt":{"rendered":"<p>Vestel E3 Klima Ar\u0131za Kodu &nbsp; Vestel klimalarda g\u00f6r\u00fclen E3 ar\u0131zas\u0131, \u00e7o\u011funlukla d\u0131\u015f \u00fcnite fan motoru veya fan devresiyle ilgili bir sorunu g\u00f6sterir. Klima, g\u00fcvenlik amac\u0131yla \u00e7al\u0131\u015fmay\u0131 durdurabilir veya fan devresi devre d\u0131\u015f\u0131 kalabilir. Bu ar\u0131za \u00e7o\u011fu zaman ciddi de\u011fildir; \u00f6nce basit kontroller yaparak durumu anlayabilirsiniz. Vestel Klima E3 Ar\u0131zas\u0131 Ne Anlama Gelir? E3 kodu, &hellip;<\/p>\n","protected":false},"author":2,"featured_media":0,"comment_status":"closed","ping_status":"open","sticky":false,"template":"","format":"standard","meta":{"footnotes":""},"categories":[19,1],"tags":[],"class_list":["post-60","post","type-post","status-publish","format-standard","hentry","category-klima","category-vestel"],"_links":{"self":[{"href":"https:\/\/servisi.web.tr\/ariza-kodlari\/wp-json\/wp\/v2\/posts\/60","targetHints":{"allow":["GET"]}}],"collection":[{"href":"https:\/\/servisi.web.tr\/ariza-kodlari\/wp-json\/wp\/v2\/posts"}],"about":[{"href":"https:\/\/servisi.web.tr\/ariza-kodlari\/wp-json\/wp\/v2\/types\/post"}],"author":[{"embeddable":true,"href":"https:\/\/servisi.web.tr\/ariza-kodlari\/wp-json\/wp\/v2\/users\/2"}],"replies":[{"embeddable":true,"href":"https:\/\/servisi.web.tr\/ariza-kodlari\/wp-json\/wp\/v2\/comments?post=60"}],"version-history":[{"count":6,"href":"https:\/\/servisi.web.tr\/ariza-kodlari\/wp-json\/wp\/v2\/posts\/60\/revisions"}],"predecessor-version":[{"id":89,"href":"https:\/\/servisi.web.tr\/ariza-kodlari\/wp-json\/wp\/v2\/posts\/60\/revisions\/89"}],"wp:attachment":[{"href":"https:\/\/servisi.web.tr\/ariza-kodlari\/wp-json\/wp\/v2\/media?parent=60"}],"wp:term":[{"taxonomy":"category","embeddable":true,"href":"https:\/\/servisi.web.tr\/ariza-kodlari\/wp-json\/wp\/v2\/categories?post=60"},{"taxonomy":"post_tag","embeddable":true,"href":"https:\/\/servisi.web.tr\/ariza-kodlari\/wp-json\/wp\/v2\/tags?post=60"}],"curies":[{"name":"wp","href":"https:\/\/api.w.org\/{rel}","templated":true}]}}