{"id":452,"date":"2026-02-01T08:59:12","date_gmt":"2026-02-01T08:59:12","guid":{"rendered":"https:\/\/servisi.web.tr\/ariza-kodlari\/?p=452"},"modified":"2026-02-01T08:59:12","modified_gmt":"2026-02-01T08:59:12","slug":"vestel-klima-a1-ariza-kodu","status":"publish","type":"post","link":"https:\/\/servisi.web.tr\/ariza-kodlari\/vestel-klima-a1-ariza-kodu\/","title":{"rendered":"Vestel Klima A1 Ar\u0131za Kodu"},"content":{"rendered":"<h1 data-start=\"156\" data-end=\"191\"><img loading=\"lazy\" decoding=\"async\" class=\"size-full wp-image-352 aligncenter\" src=\"https:\/\/servisi.web.tr\/ariza-kodlari\/wp-content\/uploads\/2026\/01\/vestel-klima-ariza-kodlari-ve-cozumu-1.png\" alt=\"\" width=\"1080\" height=\"1080\" srcset=\"https:\/\/servisi.web.tr\/ariza-kodlari\/wp-content\/uploads\/2026\/01\/vestel-klima-ariza-kodlari-ve-cozumu-1.png 1080w, https:\/\/servisi.web.tr\/ariza-kodlari\/wp-content\/uploads\/2026\/01\/vestel-klima-ariza-kodlari-ve-cozumu-1-300x300.png 300w, https:\/\/servisi.web.tr\/ariza-kodlari\/wp-content\/uploads\/2026\/01\/vestel-klima-ariza-kodlari-ve-cozumu-1-1024x1024.png 1024w, https:\/\/servisi.web.tr\/ariza-kodlari\/wp-content\/uploads\/2026\/01\/vestel-klima-ariza-kodlari-ve-cozumu-1-150x150.png 150w, https:\/\/servisi.web.tr\/ariza-kodlari\/wp-content\/uploads\/2026\/01\/vestel-klima-ariza-kodlari-ve-cozumu-1-768x768.png 768w, https:\/\/servisi.web.tr\/ariza-kodlari\/wp-content\/uploads\/2026\/01\/vestel-klima-ariza-kodlari-ve-cozumu-1-250x250.png 250w\" sizes=\"auto, (max-width: 1080px) 100vw, 1080px\" \/><\/h1>\n<h1 data-start=\"156\" data-end=\"191\">Vestel Klima A1 Ar\u0131zas\u0131 ve \u00c7\u00f6z\u00fcm\u00fc<\/h1>\n<p data-start=\"193\" data-end=\"449\">Vestel klimalarda g\u00f6r\u00fclen <strong data-start=\"219\" data-end=\"236\">A1 ar\u0131za kodu<\/strong>, i\u00e7 \u00fcnitedeki <strong data-start=\"251\" data-end=\"312\">fan motorunun d\u00f6nmedi\u011fini ya da do\u011fru h\u0131zda \u00e7al\u0131\u015fmad\u0131\u011f\u0131n\u0131<\/strong> g\u00f6sterir. Bu ar\u0131za genellikle <strong data-start=\"343\" data-end=\"425\">fan motoru zorlanmas\u0131, sens\u00f6r alg\u0131lama hatas\u0131 veya kart\u0131n fan\u0131 korumaya almas\u0131<\/strong> nedeniyle ortaya \u00e7\u0131kar.<\/p>\n<hr data-start=\"451\" data-end=\"454\" \/>\n<h2 data-start=\"456\" data-end=\"499\">Vestel Klima A1 Ar\u0131zas\u0131 Ne Anlama Gelir?<\/h2>\n<p data-start=\"501\" data-end=\"597\">A1 ar\u0131zas\u0131 \u00e7\u0131kt\u0131\u011f\u0131nda kliman\u0131n s\u00f6yledi\u011fi \u015fey \u015fudur:<br data-start=\"552\" data-end=\"555\" \/><strong data-start=\"555\" data-end=\"597\">\u201cFan\u0131 g\u00fcvenli \u015fekilde d\u00f6nd\u00fcremiyorum.\u201d<\/strong><\/p>\n<p data-start=\"599\" data-end=\"877\">Klima \u00e7al\u0131\u015f\u0131rken i\u00e7 \u00fcnitedeki fan motoru, havay\u0131 s\u00fcrekli ve belirli bir h\u0131zda \u00e7evirmek zorundad\u0131r. Fan hi\u00e7 d\u00f6nmezse ya da olmas\u0131 gereken devirde \u00e7al\u0131\u015fmazsa, klima hem verimsizle\u015fir hem de elektronik aksam zarar g\u00f6rebilir. Bu y\u00fczden sistem kendini durdurur ve A1 kodunu g\u00f6sterir.<\/p>\n<p data-start=\"879\" data-end=\"929\">Sahada A1 ar\u0131zas\u0131n\u0131 genellikle \u015fu \u015fekilde g\u00f6r\u00fcr\u00fcz:<\/p>\n<ul data-start=\"931\" data-end=\"1096\">\n<li data-start=\"931\" data-end=\"977\">\n<p data-start=\"933\" data-end=\"977\">Klima \u00e7al\u0131\u015f\u0131r gibi yapar ama \u00fcfleme yoktur<\/p>\n<\/li>\n<li data-start=\"978\" data-end=\"1026\">\n<p data-start=\"980\" data-end=\"1026\">Fan sesi gelmez ya da anormal bir ses vard\u0131r<\/p>\n<\/li>\n<li data-start=\"1027\" data-end=\"1064\">\n<p data-start=\"1029\" data-end=\"1064\">K\u0131sa s\u00fcre \u00e7al\u0131\u015f\u0131p kendini kapat\u0131r<\/p>\n<\/li>\n<li data-start=\"1065\" data-end=\"1096\">\n<p data-start=\"1067\" data-end=\"1096\">Ekranda A1 kodu sabit kal\u0131r<\/p>\n<\/li>\n<\/ul>\n<p data-start=\"1098\" data-end=\"1209\">Burada \u00f6nemli bir nokta var:<br data-start=\"1126\" data-end=\"1129\" \/><strong data-start=\"1129\" data-end=\"1209\">A1 ar\u0131zas\u0131 \u00e7o\u011fu zaman \u201cfan d\u00f6nm\u00fcyor\u201d de\u011fil, \u201cfan zorlan\u0131yor\u201d anlam\u0131na gelir.<\/strong><\/p>\n<hr data-start=\"1211\" data-end=\"1214\" \/>\n<h2 data-start=\"1216\" data-end=\"1259\">Vestel A1 Ar\u0131zas\u0131n\u0131n En Yayg\u0131n Nedenleri<\/h2>\n<p data-start=\"1261\" data-end=\"1349\">A\u015fa\u011f\u0131daki tablo, y\u0131llard\u0131r sahada kar\u015f\u0131la\u015f\u0131lan ger\u00e7ek A1 vakalar\u0131na g\u00f6re haz\u0131rlanm\u0131\u015ft\u0131r.<\/p>\n<div class=\"TyagGW_tableContainer\">\n<div class=\"group TyagGW_tableWrapper flex flex-col-reverse w-fit\" tabindex=\"-1\">\n<table class=\"w-fit min-w-(--thread-content-width)\" data-start=\"1351\" data-end=\"1789\">\n<thead data-start=\"1351\" data-end=\"1393\">\n<tr data-start=\"1351\" data-end=\"1393\">\n<th data-start=\"1351\" data-end=\"1365\" data-col-size=\"sm\">Olas\u0131 Neden<\/th>\n<th data-start=\"1365\" data-end=\"1376\" data-col-size=\"sm\">A\u00e7\u0131klama<\/th>\n<th data-start=\"1376\" data-end=\"1393\" data-col-size=\"sm\">G\u00f6r\u00fclme Oran\u0131<\/th>\n<\/tr>\n<\/thead>\n<tbody data-start=\"1408\" data-end=\"1789\">\n<tr data-start=\"1408\" data-end=\"1472\">\n<td data-start=\"1408\" data-end=\"1435\" data-col-size=\"sm\">Fan motorunun kirlenmesi<\/td>\n<td data-start=\"1435\" data-end=\"1465\" data-col-size=\"sm\">Toz ve pislik motoru zorlar<\/td>\n<td data-start=\"1465\" data-end=\"1472\" data-col-size=\"sm\">%30<\/td>\n<\/tr>\n<tr data-start=\"1473\" data-end=\"1541\">\n<td data-start=\"1473\" data-end=\"1506\" data-col-size=\"sm\">Fan kanad\u0131nda balans bozuklu\u011fu<\/td>\n<td data-start=\"1506\" data-end=\"1534\" data-col-size=\"sm\">E\u011filme veya kir birikmesi<\/td>\n<td data-start=\"1534\" data-end=\"1541\" data-col-size=\"sm\">%20<\/td>\n<\/tr>\n<tr data-start=\"1542\" data-end=\"1609\">\n<td data-start=\"1542\" data-end=\"1578\" data-col-size=\"sm\">Fan motoru sens\u00f6r alg\u0131lama hatas\u0131<\/td>\n<td data-start=\"1578\" data-end=\"1602\" data-col-size=\"sm\">Devir d\u00fczg\u00fcn okunamaz<\/td>\n<td data-start=\"1602\" data-end=\"1609\" data-col-size=\"sm\">%15<\/td>\n<\/tr>\n<tr data-start=\"1610\" data-end=\"1670\">\n<td data-start=\"1610\" data-end=\"1647\" data-col-size=\"sm\">\u0130\u00e7 \u00fcnite kart\u0131n\u0131n fan\u0131 kilitlemesi<\/td>\n<td data-start=\"1647\" data-end=\"1663\" data-col-size=\"sm\">Koruma ama\u00e7l\u0131<\/td>\n<td data-start=\"1663\" data-end=\"1670\" data-col-size=\"sm\">%15<\/td>\n<\/tr>\n<tr data-start=\"1671\" data-end=\"1738\">\n<td data-start=\"1671\" data-end=\"1701\" data-col-size=\"sm\">Uzun s\u00fcre bak\u0131m yap\u0131lmamas\u0131<\/td>\n<td data-start=\"1701\" data-end=\"1731\" data-col-size=\"sm\">Genel fan performans d\u00fc\u015f\u00fc\u015f\u00fc<\/td>\n<td data-start=\"1731\" data-end=\"1738\" data-col-size=\"sm\">%10<\/td>\n<\/tr>\n<tr data-start=\"1739\" data-end=\"1789\">\n<td data-start=\"1739\" data-end=\"1760\" data-col-size=\"sm\">Fan motoru ar\u0131zas\u0131<\/td>\n<td data-start=\"1760\" data-end=\"1782\" data-col-size=\"sm\">Nadir ama m\u00fcmk\u00fcnd\u00fcr<\/td>\n<td data-start=\"1782\" data-end=\"1789\" data-col-size=\"sm\">%10<\/td>\n<\/tr>\n<\/tbody>\n<\/table>\n<\/div>\n<\/div>\n<p data-start=\"1791\" data-end=\"1897\">Bu tabloya bak\u0131ld\u0131\u011f\u0131nda \u015funu net s\u00f6yleyebilirim:<br data-start=\"1839\" data-end=\"1842\" \/><strong data-start=\"1842\" data-end=\"1897\">Her A1 ar\u0131zas\u0131 fan motoru de\u011fi\u015fecek demek de\u011fildir.<\/strong><\/p>\n<hr data-start=\"1899\" data-end=\"1902\" \/>\n<h2 data-start=\"1904\" data-end=\"1936\">Evde Yap\u0131labilecek Kontroller<\/h2>\n<p data-start=\"1938\" data-end=\"2042\">A1 ar\u0131zas\u0131nda kullan\u0131c\u0131 olarak yap\u0131labilecekler s\u0131n\u0131rl\u0131d\u0131r ama baz\u0131 durumlarda sorunu tamamen \u00e7\u00f6zebilir.<\/p>\n<h3 data-start=\"2044\" data-end=\"2079\">Elektrik G\u00fcvenli\u011fi Hat\u0131rlatmas\u0131<\/h3>\n<ul data-start=\"2080\" data-end=\"2209\">\n<li data-start=\"2080\" data-end=\"2129\">\n<p data-start=\"2082\" data-end=\"2129\">Kliman\u0131n elektri\u011fini mutlaka sigortadan kapat<\/p>\n<\/li>\n<li data-start=\"2130\" data-end=\"2161\">\n<p data-start=\"2132\" data-end=\"2161\">Fan kanatlar\u0131na elini sokma<\/p>\n<\/li>\n<li data-start=\"2162\" data-end=\"2209\">\n<p data-start=\"2164\" data-end=\"2209\">\u0130\u00e7 \u00fcnitenin derin par\u00e7alar\u0131na m\u00fcdahale etme<\/p>\n<\/li>\n<\/ul>\n<h3 data-start=\"2211\" data-end=\"2243\">Kullan\u0131c\u0131n\u0131n Yapabilecekleri<\/h3>\n<p data-start=\"2245\" data-end=\"2318\">\u00d6nce klimay\u0131 kapat ve sigortadan elektri\u011fini kes. Bu i\u015flem \u00e7ok \u00f6nemlidir.<\/p>\n<p data-start=\"2320\" data-end=\"2448\">\u00d6n kapa\u011f\u0131 a\u00e7 ve filtreleri \u00e7\u0131kar. Filtreler a\u015f\u0131r\u0131 kirliyse fan motoru zorlan\u0131r. Il\u0131k suyla y\u0131ka ve tamamen kuruyana kadar bekle.<\/p>\n<p data-start=\"2450\" data-end=\"2557\">Filtre yuvas\u0131na g\u00f6zle bak. Fan kanad\u0131n\u0131n \u00f6n\u00fcnde biriken yo\u011fun toz veya yabanc\u0131 bir cisim var m\u0131 kontrol et.<\/p>\n<p data-start=\"2559\" data-end=\"2642\">Kliman\u0131n \u00f6n\u00fcnde hava \u00e7\u0131k\u0131\u015f\u0131n\u0131 engelleyen perde, dolap veya b\u00fcy\u00fck e\u015fya varsa kald\u0131r.<\/p>\n<p data-start=\"2644\" data-end=\"2753\">Elektri\u011fi tekrar verip klimay\u0131 \u00e7al\u0131\u015ft\u0131r. Hafif zorlanmalardan kaynakl\u0131 A1\u2019ler \u00e7o\u011fu zaman bu a\u015famada kaybolur.<\/p>\n<h3 data-start=\"2755\" data-end=\"2792\">Kesinlikle Yap\u0131lmamas\u0131 Gerekenler<\/h3>\n<ul data-start=\"2794\" data-end=\"2934\">\n<li data-start=\"2794\" data-end=\"2826\">\n<p data-start=\"2796\" data-end=\"2826\">Fan\u0131 elle \u00e7evirmeye \u00e7al\u0131\u015fmak<\/p>\n<\/li>\n<li data-start=\"2827\" data-end=\"2870\">\n<p data-start=\"2829\" data-end=\"2870\">\u0130\u00e7 \u00fcnite motoruna ya\u011f veya sprey s\u0131kmak<\/p>\n<\/li>\n<li data-start=\"2871\" data-end=\"2904\">\n<p data-start=\"2873\" data-end=\"2904\">Fan motorunu s\u00f6kmeye \u00e7al\u0131\u015fmak<\/p>\n<\/li>\n<li data-start=\"2905\" data-end=\"2934\">\n<p data-start=\"2907\" data-end=\"2934\">Gazla ilgili i\u015flem yapmak<\/p>\n<\/li>\n<\/ul>\n<p data-start=\"2936\" data-end=\"3003\">A1 ar\u0131zas\u0131 gazla ilgili de\u011fildir. Bu t\u00fcr m\u00fcdahaleler sorunu \u00e7\u00f6zmez.<\/p>\n<hr data-start=\"3005\" data-end=\"3008\" \/>\n<h2 data-start=\"3010\" data-end=\"3047\"><img loading=\"lazy\" decoding=\"async\" class=\"size-full wp-image-355 aligncenter\" src=\"https:\/\/servisi.web.tr\/ariza-kodlari\/wp-content\/uploads\/2026\/01\/beyaz-esya-ariza-kodlari-2.png\" alt=\"\" width=\"1200\" height=\"628\" srcset=\"https:\/\/servisi.web.tr\/ariza-kodlari\/wp-content\/uploads\/2026\/01\/beyaz-esya-ariza-kodlari-2.png 1200w, https:\/\/servisi.web.tr\/ariza-kodlari\/wp-content\/uploads\/2026\/01\/beyaz-esya-ariza-kodlari-2-300x157.png 300w, https:\/\/servisi.web.tr\/ariza-kodlari\/wp-content\/uploads\/2026\/01\/beyaz-esya-ariza-kodlari-2-1024x536.png 1024w, https:\/\/servisi.web.tr\/ariza-kodlari\/wp-content\/uploads\/2026\/01\/beyaz-esya-ariza-kodlari-2-768x402.png 768w\" sizes=\"auto, (max-width: 1200px) 100vw, 1200px\" \/><\/h2>\n<h2 data-start=\"3010\" data-end=\"3047\">Ne Zaman Teknik Servis \u00c7a\u011fr\u0131lmal\u0131?<\/h2>\n<p data-start=\"3049\" data-end=\"3094\">A\u015fa\u011f\u0131daki durumlarda servis \u00e7a\u011f\u0131rmak gerekir:<\/p>\n<ul data-start=\"3096\" data-end=\"3309\">\n<li data-start=\"3096\" data-end=\"3143\">\n<p data-start=\"3098\" data-end=\"3143\">Filtre temizli\u011fine ra\u011fmen A1 devam ediyorsa<\/p>\n<\/li>\n<li data-start=\"3144\" data-end=\"3166\">\n<p data-start=\"3146\" data-end=\"3166\">Fan hi\u00e7 d\u00f6nm\u00fcyorsa<\/p>\n<\/li>\n<li data-start=\"3167\" data-end=\"3214\">\n<p data-start=\"3169\" data-end=\"3214\">Fan sesi \u00e7ok y\u00fcksek veya s\u00fcrtme \u015feklindeyse<\/p>\n<\/li>\n<li data-start=\"3215\" data-end=\"3256\">\n<p data-start=\"3217\" data-end=\"3256\">Klima k\u0131sa s\u00fcrede kendini kapat\u0131yorsa<\/p>\n<\/li>\n<li data-start=\"3257\" data-end=\"3309\">\n<p data-start=\"3259\" data-end=\"3309\">A1 ile birlikte ba\u015fka ar\u0131za kodlar\u0131 da \u00e7\u0131k\u0131yorsa<\/p>\n<\/li>\n<\/ul>\n<p data-start=\"3311\" data-end=\"3455\">Servis bu durumda genellikle fan motorunu, motor sens\u00f6r\u00fcn\u00fc ve i\u00e7 \u00fcnite kart\u0131n\u0131 kontrol eder. Gerekirse fan motoru onar\u0131m\u0131 veya de\u011fi\u015fimi yap\u0131l\u0131r.<\/p>\n<hr data-start=\"3457\" data-end=\"3460\" \/>\n<h2 data-start=\"3462\" data-end=\"3512\">Vestel Klima A1 Ar\u0131zas\u0131n\u0131 \u00d6nlemek \u0130\u00e7in \u00d6neriler<\/h2>\n<p data-start=\"3514\" data-end=\"3562\">A1 ar\u0131zas\u0131n\u0131n en b\u00fcy\u00fck d\u00fc\u015fman\u0131 d\u00fczenli bak\u0131md\u0131r.<\/p>\n<p data-start=\"3564\" data-end=\"3639\">Filtrelerin ayda bir kontrol edilmesi, fan motorunun zorlanmas\u0131n\u0131 engeller.<\/p>\n<p data-start=\"3641\" data-end=\"3741\">Y\u0131lda en az bir kez profesyonel bak\u0131m yapt\u0131rmak, fan kanad\u0131 ve motor grubunun temizlenmesini sa\u011flar.<\/p>\n<p data-start=\"3743\" data-end=\"3843\">Kliman\u0131n \u00f6n\u00fcn\u00fcn s\u00fcrekli kapal\u0131 olmas\u0131 fan y\u00fck\u00fcn\u00fc art\u0131r\u0131r. Hava \u00e7\u0131k\u0131\u015f\u0131n\u0131n rahat olmas\u0131 \u00e7ok \u00f6nemlidir.<\/p>\n<p data-start=\"3845\" data-end=\"3929\">Ustadan net bir tavsiye:<br data-start=\"3869\" data-end=\"3872\" \/><strong data-start=\"3872\" data-end=\"3929\">Fan rahat d\u00f6nerse klima uzun y\u0131llar sorunsuz \u00e7al\u0131\u015f\u0131r.<\/strong><\/p>\n<hr data-start=\"3931\" data-end=\"3934\" \/>\n<h2 data-start=\"3936\" data-end=\"3958\">S\u0131k Sorulan Sorular<\/h2>\n<p data-start=\"3960\" data-end=\"4059\"><strong data-start=\"3960\" data-end=\"3988\">A1 ar\u0131zas\u0131 tehlikeli mi?<\/strong><br data-start=\"3988\" data-end=\"3991\" \/>Hay\u0131r. Klima kendini korumaya ald\u0131\u011f\u0131 i\u00e7in g\u00fcvenlik riski olu\u015fturmaz.<\/p>\n<p data-start=\"4061\" data-end=\"4139\"><strong data-start=\"4061\" data-end=\"4092\">A1 varken klima \u00e7al\u0131\u015f\u0131r m\u0131?<\/strong><br data-start=\"4092\" data-end=\"4095\" \/>Genelde k\u0131sa s\u00fcre \u00e7al\u0131\u015f\u0131r veya hi\u00e7 \u00e7al\u0131\u015fmaz.<\/p>\n<p data-start=\"4141\" data-end=\"4211\"><strong data-start=\"4141\" data-end=\"4174\">A1 gaz eksikli\u011finden olur mu?<\/strong><br data-start=\"4174\" data-end=\"4177\" \/>Hay\u0131r. Gazla hi\u00e7bir ilgisi yoktur.<\/p>\n<p data-start=\"4213\" data-end=\"4299\"><strong data-start=\"4213\" data-end=\"4247\">Fan motoru de\u011fi\u015fimi pahal\u0131 m\u0131?<\/strong><br data-start=\"4247\" data-end=\"4250\" \/>Modele g\u00f6re de\u011fi\u015fir ama her A1\u2019de motor de\u011fi\u015fmez.<\/p>\n<p data-start=\"4301\" data-end=\"4391\"><strong data-start=\"4301\" data-end=\"4331\">A1 kendili\u011finden ge\u00e7er mi?<\/strong><br data-start=\"4331\" data-end=\"4334\" \/>Hafif kirlenmelerde filtre temizli\u011fi sonras\u0131 d\u00fczelebilir.<\/p>\n<p data-start=\"4393\" data-end=\"4495\"><strong data-start=\"4393\" data-end=\"4440\">\u0130nverter klimalarda A1 daha m\u0131 s\u0131k g\u00f6r\u00fcl\u00fcr?<\/strong><br data-start=\"4440\" data-end=\"4443\" \/>Evet, inverter sistemler fan devrine daha hassast\u0131r.<\/p>\n<hr data-start=\"4497\" data-end=\"4500\" \/>\n<h3 data-start=\"4502\" data-end=\"4521\">Ustadan Son S\u00f6z<\/h3>\n<p data-start=\"4523\" data-end=\"4746\">Vestel klima A1 ar\u0131zas\u0131, kliman\u0131n \u201cfan\u0131m zorlan\u0131yor\u201d demesidir. Zaman\u0131nda temizlik ve bak\u0131m yap\u0131l\u0131rsa genelde b\u00fcy\u00fcmeden \u00e7\u00f6z\u00fcl\u00fcr. Klimay\u0131 zorlamak yerine fan\u0131n neden zorland\u0131\u011f\u0131n\u0131 anlamak her zaman daha do\u011fru ve daha ucuzdur.<\/p>\n","protected":false},"excerpt":{"rendered":"<p>Vestel Klima A1 Ar\u0131zas\u0131 ve \u00c7\u00f6z\u00fcm\u00fc Vestel klimalarda g\u00f6r\u00fclen A1 ar\u0131za kodu, i\u00e7 \u00fcnitedeki fan motorunun d\u00f6nmedi\u011fini ya da do\u011fru h\u0131zda \u00e7al\u0131\u015fmad\u0131\u011f\u0131n\u0131 g\u00f6sterir. Bu ar\u0131za genellikle fan motoru zorlanmas\u0131, sens\u00f6r alg\u0131lama hatas\u0131 veya kart\u0131n fan\u0131 korumaya almas\u0131 nedeniyle ortaya \u00e7\u0131kar. Vestel Klima A1 Ar\u0131zas\u0131 Ne Anlama Gelir? A1 ar\u0131zas\u0131 \u00e7\u0131kt\u0131\u011f\u0131nda kliman\u0131n s\u00f6yledi\u011fi \u015fey \u015fudur:\u201cFan\u0131 g\u00fcvenli &hellip;<\/p>\n","protected":false},"author":2,"featured_media":0,"comment_status":"closed","ping_status":"open","sticky":false,"template":"","format":"standard","meta":{"footnotes":""},"categories":[19,1],"tags":[],"class_list":["post-452","post","type-post","status-publish","format-standard","hentry","category-klima","category-vestel"],"_links":{"self":[{"href":"https:\/\/servisi.web.tr\/ariza-kodlari\/wp-json\/wp\/v2\/posts\/452","targetHints":{"allow":["GET"]}}],"collection":[{"href":"https:\/\/servisi.web.tr\/ariza-kodlari\/wp-json\/wp\/v2\/posts"}],"about":[{"href":"https:\/\/servisi.web.tr\/ariza-kodlari\/wp-json\/wp\/v2\/types\/post"}],"author":[{"embeddable":true,"href":"https:\/\/servisi.web.tr\/ariza-kodlari\/wp-json\/wp\/v2\/users\/2"}],"replies":[{"embeddable":true,"href":"https:\/\/servisi.web.tr\/ariza-kodlari\/wp-json\/wp\/v2\/comments?post=452"}],"version-history":[{"count":2,"href":"https:\/\/servisi.web.tr\/ariza-kodlari\/wp-json\/wp\/v2\/posts\/452\/revisions"}],"predecessor-version":[{"id":454,"href":"https:\/\/servisi.web.tr\/ariza-kodlari\/wp-json\/wp\/v2\/posts\/452\/revisions\/454"}],"wp:attachment":[{"href":"https:\/\/servisi.web.tr\/ariza-kodlari\/wp-json\/wp\/v2\/media?parent=452"}],"wp:term":[{"taxonomy":"category","embeddable":true,"href":"https:\/\/servisi.web.tr\/ariza-kodlari\/wp-json\/wp\/v2\/categories?post=452"},{"taxonomy":"post_tag","embeddable":true,"href":"https:\/\/servisi.web.tr\/ariza-kodlari\/wp-json\/wp\/v2\/tags?post=452"}],"curies":[{"name":"wp","href":"https:\/\/api.w.org\/{rel}","templated":true}]}}