{"id":242,"date":"2026-01-30T09:54:59","date_gmt":"2026-01-30T09:54:59","guid":{"rendered":"https:\/\/servisi.web.tr\/ariza-kodlari\/?p=242"},"modified":"2026-01-30T09:54:59","modified_gmt":"2026-01-30T09:54:59","slug":"vestel-klima-p8-ariza-kodu","status":"publish","type":"post","link":"https:\/\/servisi.web.tr\/ariza-kodlari\/vestel-klima-p8-ariza-kodu\/","title":{"rendered":"Vestel Klima P8 Ar\u0131za Kodu"},"content":{"rendered":"<h1 data-start=\"143\" data-end=\"165\"><img loading=\"lazy\" decoding=\"async\" class=\"size-full wp-image-209 aligncenter\" src=\"https:\/\/servisi.web.tr\/ariza-kodlari\/wp-content\/uploads\/2026\/01\/vestel-klima-ariza-kodu-ve-cozumu.png\" alt=\"\" width=\"700\" height=\"700\" srcset=\"https:\/\/servisi.web.tr\/ariza-kodlari\/wp-content\/uploads\/2026\/01\/vestel-klima-ariza-kodu-ve-cozumu.png 700w, https:\/\/servisi.web.tr\/ariza-kodlari\/wp-content\/uploads\/2026\/01\/vestel-klima-ariza-kodu-ve-cozumu-300x300.png 300w, https:\/\/servisi.web.tr\/ariza-kodlari\/wp-content\/uploads\/2026\/01\/vestel-klima-ariza-kodu-ve-cozumu-150x150.png 150w, https:\/\/servisi.web.tr\/ariza-kodlari\/wp-content\/uploads\/2026\/01\/vestel-klima-ariza-kodu-ve-cozumu-250x250.png 250w\" sizes=\"auto, (max-width: 700px) 100vw, 700px\" \/><\/h1>\n<h1 data-start=\"143\" data-end=\"165\">Vestel Klima P8 Kodu<\/h1>\n<h2 data-start=\"167\" data-end=\"186\"><\/h2>\n<p data-start=\"188\" data-end=\"469\">Vestel klimalarda g\u00f6r\u00fclen <strong data-start=\"214\" data-end=\"220\">P8<\/strong>, sistemin <strong data-start=\"231\" data-end=\"325\">i\u00e7 ve d\u0131\u015f \u00fcnite aras\u0131ndaki ileti\u015fimde k\u0131sa s\u00fcreli bir gecikme veya sens\u00f6r uyar\u0131s\u0131 ald\u0131\u011f\u0131n\u0131<\/strong> g\u00f6sterir. Bu bir ar\u0131za de\u011fildir; klima, cihaz\u0131n g\u00fcvenli \u00e7al\u0131\u015fmas\u0131n\u0131 sa\u011flamak i\u00e7in kodu ge\u00e7ici olarak g\u00f6sterir ve k\u0131sa s\u00fcre sonra normale d\u00f6ner.<\/p>\n<hr data-start=\"471\" data-end=\"474\" \/>\n<h2 data-start=\"476\" data-end=\"511\">Vestel Klima P8 Ne Anlama Gelir?<\/h2>\n<p data-start=\"513\" data-end=\"613\">P8 kodu, genellikle <strong data-start=\"533\" data-end=\"587\">mod de\u011fi\u015fikli\u011fi, a\u00e7\u0131l\u0131\u015f veya enerji dalgalanmalar\u0131<\/strong> s\u0131ras\u0131nda ortaya \u00e7\u0131kar.<\/p>\n<p data-start=\"615\" data-end=\"655\">Kullan\u0131c\u0131 a\u00e7\u0131s\u0131ndan basit\u00e7e a\u00e7\u0131klayal\u0131m:<\/p>\n<ul data-start=\"657\" data-end=\"859\">\n<li data-start=\"657\" data-end=\"698\">\n<p data-start=\"659\" data-end=\"698\">\u0130\u00e7 ve d\u0131\u015f \u00fcnite veri al\u0131\u015fveri\u015fi yapar<\/p>\n<\/li>\n<li data-start=\"699\" data-end=\"760\">\n<p data-start=\"701\" data-end=\"760\">Veri iletiminde k\u0131sa s\u00fcreli bir gecikme veya uyar\u0131 olursa<\/p>\n<\/li>\n<li data-start=\"761\" data-end=\"804\">\n<p data-start=\"763\" data-end=\"804\">Klima bunu P8 kodu ile ekranda g\u00f6sterir<\/p>\n<\/li>\n<li data-start=\"805\" data-end=\"859\">\n<p data-start=\"807\" data-end=\"859\">Kod k\u0131sa s\u00fcreli ve ge\u00e7iciyse endi\u015feye gerek yoktur<\/p>\n<\/li>\n<\/ul>\n<p data-start=\"861\" data-end=\"969\">P8, kliman\u0131n kullan\u0131c\u0131ya iletti\u011fi mesajd\u0131r:<br data-start=\"904\" data-end=\"907\" \/><strong data-start=\"907\" data-end=\"969\">\u201c\u0130\u00e7-d\u0131\u015f \u00fcnite ileti\u015fimi kontrol ediliyor, biraz bekleyin.\u201d<\/strong><\/p>\n<hr data-start=\"971\" data-end=\"974\" \/>\n<h2 data-start=\"976\" data-end=\"1020\">Vestel Klima P8 Hangi Durumlarda G\u00f6r\u00fcl\u00fcr?<\/h2>\n<p data-start=\"1022\" data-end=\"1079\">Saha tecr\u00fcbeme g\u00f6re P8 en s\u0131k \u015fu durumlarda ortaya \u00e7\u0131kar:<\/p>\n<ul data-start=\"1081\" data-end=\"1283\">\n<li data-start=\"1081\" data-end=\"1114\">\n<p data-start=\"1083\" data-end=\"1114\">Klima a\u00e7\u0131l\u0131\u015f veya kapan\u0131\u015f\u0131nda<\/p>\n<\/li>\n<li data-start=\"1115\" data-end=\"1161\">\n<p data-start=\"1117\" data-end=\"1161\">Mod de\u011fi\u015fikli\u011fi s\u0131ras\u0131nda (\u0131s\u0131tma\/so\u011futma)<\/p>\n<\/li>\n<li data-start=\"1162\" data-end=\"1218\">\n<p data-start=\"1164\" data-end=\"1218\">Voltaj dalgalanmalar\u0131 veya k\u0131sa elektrik kesintileri<\/p>\n<\/li>\n<li data-start=\"1219\" data-end=\"1283\">\n<p data-start=\"1221\" data-end=\"1283\">\u0130\u00e7 ve d\u0131\u015f \u00fcnite kablo ba\u011flant\u0131lar\u0131nda ge\u00e7ici temas sorunlar\u0131<\/p>\n<\/li>\n<\/ul>\n<p data-start=\"1285\" data-end=\"1404\">Usta g\u00f6z\u00fcyle s\u00f6yleyeyim:<br data-start=\"1309\" data-end=\"1312\" \/><strong data-start=\"1312\" data-end=\"1404\">P8 \u00e7o\u011fu zaman cihaz\u0131n normal \u00e7al\u0131\u015fmas\u0131 s\u0131ras\u0131nda g\u00f6r\u00fclen ge\u00e7ici bir ileti\u015fim uyar\u0131s\u0131d\u0131r.<\/strong><\/p>\n<hr data-start=\"1406\" data-end=\"1409\" \/>\n<h2 data-start=\"1411\" data-end=\"1457\">Vestel Klima P8 Kodunun En Yayg\u0131n Nedenleri<\/h2>\n<p data-start=\"1459\" data-end=\"1553\">A\u015fa\u011f\u0131daki tablo, P8 kodunun sahada en s\u0131k g\u00f6r\u00fclen nedenlerini ve yakla\u015f\u0131k oranlar\u0131n\u0131 g\u00f6sterir:<\/p>\n<div class=\"TyagGW_tableContainer\">\n<div class=\"group TyagGW_tableWrapper flex flex-col-reverse w-fit\" tabindex=\"-1\">\n<table class=\"w-fit min-w-(--thread-content-width)\" data-start=\"1555\" data-end=\"1909\">\n<thead data-start=\"1555\" data-end=\"1591\">\n<tr data-start=\"1555\" data-end=\"1591\">\n<th data-start=\"1555\" data-end=\"1563\" data-col-size=\"md\">Neden<\/th>\n<th data-start=\"1563\" data-end=\"1574\" data-col-size=\"sm\">A\u00e7\u0131klama<\/th>\n<th data-start=\"1574\" data-end=\"1591\" data-col-size=\"sm\">G\u00f6r\u00fclme Oran\u0131<\/th>\n<\/tr>\n<\/thead>\n<tbody data-start=\"1627\" data-end=\"1909\">\n<tr data-start=\"1627\" data-end=\"1703\">\n<td data-start=\"1627\" data-end=\"1662\" data-col-size=\"md\">A\u00e7\u0131l\u0131\u015f\/kapama s\u0131ras\u0131nda ileti\u015fim<\/td>\n<td data-start=\"1662\" data-end=\"1696\" data-col-size=\"sm\">\u0130\u00e7 ve d\u0131\u015f \u00fcnite veri al\u0131\u015fveri\u015fi<\/td>\n<td data-start=\"1696\" data-end=\"1703\" data-col-size=\"sm\">%40<\/td>\n<\/tr>\n<tr data-start=\"1704\" data-end=\"1753\">\n<td data-start=\"1704\" data-end=\"1722\" data-col-size=\"md\">Mod de\u011fi\u015fikli\u011fi<\/td>\n<td data-start=\"1722\" data-end=\"1746\" data-col-size=\"sm\">Is\u0131tma\/so\u011futma ge\u00e7i\u015fi<\/td>\n<td data-start=\"1746\" data-end=\"1753\" data-col-size=\"sm\">%30<\/td>\n<\/tr>\n<tr data-start=\"1754\" data-end=\"1827\">\n<td data-start=\"1754\" data-end=\"1798\" data-col-size=\"md\">Enerji kesintisi veya voltaj dalgalanmas\u0131<\/td>\n<td data-start=\"1798\" data-end=\"1820\" data-col-size=\"sm\">Sistem resetleniyor<\/td>\n<td data-start=\"1820\" data-end=\"1827\" data-col-size=\"sm\">%20<\/td>\n<\/tr>\n<tr data-start=\"1828\" data-end=\"1909\">\n<td data-start=\"1828\" data-end=\"1872\" data-col-size=\"md\">Kablo ba\u011flant\u0131s\u0131 k\u0131sa s\u00fcreli temas sorunu<\/td>\n<td data-start=\"1872\" data-end=\"1902\" data-col-size=\"sm\">\u0130\u00e7-d\u0131\u015f \u00fcnite kablo kontrol\u00fc<\/td>\n<td data-start=\"1902\" data-end=\"1909\" data-col-size=\"sm\">%10<\/td>\n<\/tr>\n<\/tbody>\n<\/table>\n<\/div>\n<\/div>\n<p data-start=\"1911\" data-end=\"2018\">\u00d6nemli nokta:<br data-start=\"1924\" data-end=\"1927\" \/><strong data-start=\"1927\" data-end=\"2018\">P8 genellikle ar\u0131za de\u011fil, cihaz\u0131n kendini kontrol etti\u011fini g\u00f6steren ge\u00e7ici bir koddur.<\/strong><\/p>\n<hr data-start=\"2020\" data-end=\"2023\" \/>\n<h2 data-start=\"2025\" data-end=\"2065\">P8 G\u00f6r\u00fcld\u00fc\u011f\u00fcnde Evde Yap\u0131labilecekler<\/h2>\n<p data-start=\"2067\" data-end=\"2122\">P8 s\u0131ras\u0131nda kullan\u0131c\u0131dan m\u00fcdahale genellikle gerekmez.<\/p>\n<p data-start=\"2124\" data-end=\"2145\">Yap\u0131lmas\u0131 gerekenler:<\/p>\n<ul data-start=\"2146\" data-end=\"2236\">\n<li data-start=\"2146\" data-end=\"2171\">\n<p data-start=\"2148\" data-end=\"2171\">Klimay\u0131 a\u00e7\u0131k b\u0131rakmak<\/p>\n<\/li>\n<li data-start=\"2172\" data-end=\"2236\">\n<p data-start=\"2174\" data-end=\"2236\">Kod k\u0131sa s\u00fcre sonra kaybolur ve klima normal \u00e7al\u0131\u015fmaya d\u00f6ner<\/p>\n<\/li>\n<\/ul>\n<p data-start=\"2238\" data-end=\"2261\">Yap\u0131lmamas\u0131 gerekenler:<\/p>\n<ul data-start=\"2262\" data-end=\"2357\">\n<li data-start=\"2262\" data-end=\"2294\">\n<p data-start=\"2264\" data-end=\"2294\">Klimay\u0131 s\u00fcrekli a\u00e7\u0131p kapamak<\/p>\n<\/li>\n<li data-start=\"2295\" data-end=\"2330\">\n<p data-start=\"2297\" data-end=\"2330\">Kablo ba\u011flant\u0131lar\u0131n\u0131 kurcalamak<\/p>\n<\/li>\n<li data-start=\"2331\" data-end=\"2357\">\n<p data-start=\"2333\" data-end=\"2357\">Modu h\u0131zl\u0131 de\u011fi\u015ftirmek<\/p>\n<\/li>\n<\/ul>\n<p data-start=\"2359\" data-end=\"2444\">Bu davran\u0131\u015flar P8\u2019in ge\u00e7ici s\u00fcrecini uzatabilir veya ger\u00e7ek bir ar\u0131zaya yol a\u00e7abilir.<\/p>\n<hr data-start=\"2446\" data-end=\"2449\" \/>\n<h2 data-start=\"2451\" data-end=\"2479\">P8 Ne Zaman Servisliktir?<\/h2>\n<p data-start=\"2481\" data-end=\"2537\">P8 \u00e7o\u011fu zaman tamamen normaldir ve servis gerektirmez.<\/p>\n<p data-start=\"2539\" data-end=\"2574\">Servis \u00e7a\u011fr\u0131lmas\u0131 gereken durumlar:<\/p>\n<ul data-start=\"2575\" data-end=\"2733\">\n<li data-start=\"2575\" data-end=\"2627\">\n<p data-start=\"2577\" data-end=\"2627\">P8 s\u00fcrekli ekranda kal\u0131yor ve klima \u00e7al\u0131\u015fm\u0131yorsa<\/p>\n<\/li>\n<li data-start=\"2628\" data-end=\"2677\">\n<p data-start=\"2630\" data-end=\"2677\">Mod de\u011fi\u015fikliklerinde sistem tepki vermiyorsa<\/p>\n<\/li>\n<li data-start=\"2678\" data-end=\"2733\">\n<p data-start=\"2680\" data-end=\"2733\">\u0130\u00e7 ve d\u0131\u015f \u00fcnite ileti\u015fiminde hatalar devam ediyorsa<\/p>\n<\/li>\n<\/ul>\n<p data-start=\"2735\" data-end=\"2770\">Genellikle kontrol edilen noktalar:<\/p>\n<ul data-start=\"2771\" data-end=\"2873\">\n<li data-start=\"2771\" data-end=\"2800\">\n<p data-start=\"2773\" data-end=\"2800\">\u0130\u00e7 ve d\u0131\u015f \u00fcnite kablolar\u0131<\/p>\n<\/li>\n<li data-start=\"2801\" data-end=\"2840\">\n<p data-start=\"2803\" data-end=\"2840\">Elektrik beslemesi ve voltaj durumu<\/p>\n<\/li>\n<li data-start=\"2841\" data-end=\"2873\">\n<p data-start=\"2843\" data-end=\"2873\">Elektronik kart ba\u011flant\u0131lar\u0131<\/p>\n<\/li>\n<\/ul>\n<p data-start=\"2875\" data-end=\"2982\">Usta mesaj\u0131:<br data-start=\"2887\" data-end=\"2890\" \/><strong data-start=\"2890\" data-end=\"2982\">S\u0131k P8 g\u00f6r\u00fcl\u00fcyorsa servis kontrol\u00fc gerekebilir, ama \u00e7o\u011fu zaman k\u0131sa s\u00fcreli ve normaldir.<\/strong><\/p>\n<hr data-start=\"2984\" data-end=\"2987\" \/>\n<h2 data-start=\"2989\" data-end=\"3047\">Vestel Klima P8 Olu\u015fumunu Azaltmak \u0130\u00e7in Bak\u0131m \u00d6nerileri<\/h2>\n<p data-start=\"3049\" data-end=\"3121\">P8 tamamen normaldir, ama d\u00fczg\u00fcn \u00e7al\u0131\u015fmas\u0131 i\u00e7in baz\u0131 \u00f6neriler \u015funlard\u0131r:<\/p>\n<ul data-start=\"3123\" data-end=\"3373\">\n<li data-start=\"3123\" data-end=\"3192\">\n<p data-start=\"3125\" data-end=\"3192\">Klimay\u0131 stabil elektrik beslemesine ba\u011flay\u0131n (reg\u00fclat\u00f6r \u00f6nerilir)<\/p>\n<\/li>\n<li data-start=\"3193\" data-end=\"3230\">\n<p data-start=\"3195\" data-end=\"3230\">Mod de\u011fi\u015fikliklerini ani yapmay\u0131n<\/p>\n<\/li>\n<li data-start=\"3231\" data-end=\"3297\">\n<p data-start=\"3233\" data-end=\"3297\">\u0130\u00e7 ve d\u0131\u015f \u00fcnite kablolar\u0131n\u0131n ba\u011flant\u0131s\u0131n\u0131 d\u00fczenli kontrol edin<\/p>\n<\/li>\n<li data-start=\"3298\" data-end=\"3373\">\n<p data-start=\"3300\" data-end=\"3373\">Y\u0131ll\u0131k bak\u0131mda elektronik kart ve kablo ba\u011flant\u0131lar\u0131 g\u00f6zden ge\u00e7irilmeli<\/p>\n<\/li>\n<\/ul>\n<p data-start=\"3375\" data-end=\"3392\">Usta tavsiyesi:<\/p>\n<ul data-start=\"3393\" data-end=\"3490\">\n<li data-start=\"3393\" data-end=\"3439\">\n<p data-start=\"3395\" data-end=\"3439\">P8 k\u0131sa s\u00fcreli ve ge\u00e7iciyse endi\u015fe etmeyin<\/p>\n<\/li>\n<li data-start=\"3440\" data-end=\"3490\">\n<p data-start=\"3442\" data-end=\"3490\">Kod s\u00fcrekli kal\u0131yorsa servisle kontrol ettirin<\/p>\n<\/li>\n<\/ul>\n<hr data-start=\"3492\" data-end=\"3495\" \/>\n<h2 data-start=\"3497\" data-end=\"3525\">S\u0131k Sorulan Sorular (SSS)<\/h2>\n<p data-start=\"3527\" data-end=\"3603\"><strong data-start=\"3527\" data-end=\"3546\">P8 ar\u0131za m\u0131d\u0131r?<\/strong><br data-start=\"3546\" data-end=\"3549\" \/>Hay\u0131r. P8, sistemin normal ileti\u015fim s\u00fcrecini g\u00f6sterir.<\/p>\n<p data-start=\"3605\" data-end=\"3703\"><strong data-start=\"3605\" data-end=\"3636\">P8 varken klima \u00e7al\u0131\u015f\u0131r m\u0131?<\/strong><br data-start=\"3636\" data-end=\"3639\" \/>Evet. Kod k\u0131sa s\u00fcreli ve ge\u00e7ici ise normal \u00e7al\u0131\u015fmaya devam eder.<\/p>\n<p data-start=\"3705\" data-end=\"3830\"><strong data-start=\"3705\" data-end=\"3734\">P8 neden s\u00fcrekli g\u00f6r\u00fcn\u00fcr?<\/strong><br data-start=\"3734\" data-end=\"3737\" \/>Genellikle kablo ba\u011flant\u0131lar\u0131 veya ileti\u015fim sorunlar\u0131 vard\u0131r; servis ile kontrol edilmelidir.<\/p>\n<p data-start=\"3832\" data-end=\"3946\"><strong data-start=\"3832\" data-end=\"3869\">P8 elektrikle ilgili olabilir mi?<\/strong><br data-start=\"3869\" data-end=\"3872\" \/>Evet, enerji kesintisi veya dalgalanmalar k\u0131sa s\u00fcreli P8\u2019a neden olabilir.<\/p>\n<p data-start=\"3948\" data-end=\"4053\"><strong data-start=\"3948\" data-end=\"3973\">P8 yaz\u0131n da \u00e7\u0131kar m\u0131?<\/strong><br data-start=\"3973\" data-end=\"3976\" \/>Evet. A\u00e7\u0131l\u0131\u015f, kapan\u0131\u015f veya mod de\u011fi\u015fikli\u011fi s\u0131ras\u0131nda y\u0131l boyunca g\u00f6r\u00fclebilir.<\/p>\n<p data-start=\"4055\" data-end=\"4120\"><strong data-start=\"4055\" data-end=\"4082\">P8 pahal\u0131 bir ar\u0131za m\u0131?<\/strong><br data-start=\"4082\" data-end=\"4085\" \/>Hay\u0131r. Normal bir ileti\u015fim kodudur.<\/p>\n<p data-start=\"4122\" data-end=\"4221\"><strong data-start=\"4122\" data-end=\"4154\">P8 kendi kendine d\u00fczelir mi?<\/strong><br data-start=\"4154\" data-end=\"4157\" \/>Evet. Klimay\u0131 a\u00e7\u0131k b\u0131rakt\u0131\u011f\u0131n\u0131zda k\u0131sa s\u00fcre sonra normale d\u00f6ner.<\/p>\n<hr data-start=\"4223\" data-end=\"4226\" \/>\n<h2 data-start=\"4228\" data-end=\"4265\">Vestel Klima P8 Ne Anlat\u0131r?<\/h2>\n<p data-start=\"4267\" data-end=\"4383\">Vestel klima <strong data-start=\"4280\" data-end=\"4286\">P8<\/strong>, cihaz\u0131n <strong data-start=\"4296\" data-end=\"4380\">i\u00e7-d\u0131\u015f \u00fcnite ileti\u015fimini kontrol etti\u011fini ve normal \u00e7al\u0131\u015ft\u0131\u011f\u0131n\u0131 g\u00f6steren kodudur<\/strong>.<\/p>\n<ul data-start=\"4385\" data-end=\"4437\">\n<li data-start=\"4385\" data-end=\"4413\">\n<p data-start=\"4387\" data-end=\"4413\">K\u0131sa s\u00fcreli ve ge\u00e7icidir<\/p>\n<\/li>\n<li data-start=\"4414\" data-end=\"4437\">\n<p data-start=\"4416\" data-end=\"4437\">Sonra normale d\u00f6ner<\/p>\n<\/li>\n<\/ul>\n<p data-start=\"4439\" data-end=\"4524\">Endi\u015fe edilecek bir durum yoktur; fakat s\u00fcrekli kal\u0131yorsa servis kontrol\u00fc faydal\u0131d\u0131r.<\/p>\n","protected":false},"excerpt":{"rendered":"<p>Vestel Klima P8 Kodu Vestel klimalarda g\u00f6r\u00fclen P8, sistemin i\u00e7 ve d\u0131\u015f \u00fcnite aras\u0131ndaki ileti\u015fimde k\u0131sa s\u00fcreli bir gecikme veya sens\u00f6r uyar\u0131s\u0131 ald\u0131\u011f\u0131n\u0131 g\u00f6sterir. Bu bir ar\u0131za de\u011fildir; klima, cihaz\u0131n g\u00fcvenli \u00e7al\u0131\u015fmas\u0131n\u0131 sa\u011flamak i\u00e7in kodu ge\u00e7ici olarak g\u00f6sterir ve k\u0131sa s\u00fcre sonra normale d\u00f6ner. Vestel Klima P8 Ne Anlama Gelir? P8 kodu, genellikle mod de\u011fi\u015fikli\u011fi, &hellip;<\/p>\n","protected":false},"author":2,"featured_media":0,"comment_status":"closed","ping_status":"open","sticky":false,"template":"","format":"standard","meta":{"footnotes":""},"categories":[19,1],"tags":[],"class_list":["post-242","post","type-post","status-publish","format-standard","hentry","category-klima","category-vestel"],"_links":{"self":[{"href":"https:\/\/servisi.web.tr\/ariza-kodlari\/wp-json\/wp\/v2\/posts\/242","targetHints":{"allow":["GET"]}}],"collection":[{"href":"https:\/\/servisi.web.tr\/ariza-kodlari\/wp-json\/wp\/v2\/posts"}],"about":[{"href":"https:\/\/servisi.web.tr\/ariza-kodlari\/wp-json\/wp\/v2\/types\/post"}],"author":[{"embeddable":true,"href":"https:\/\/servisi.web.tr\/ariza-kodlari\/wp-json\/wp\/v2\/users\/2"}],"replies":[{"embeddable":true,"href":"https:\/\/servisi.web.tr\/ariza-kodlari\/wp-json\/wp\/v2\/comments?post=242"}],"version-history":[{"count":2,"href":"https:\/\/servisi.web.tr\/ariza-kodlari\/wp-json\/wp\/v2\/posts\/242\/revisions"}],"predecessor-version":[{"id":244,"href":"https:\/\/servisi.web.tr\/ariza-kodlari\/wp-json\/wp\/v2\/posts\/242\/revisions\/244"}],"wp:attachment":[{"href":"https:\/\/servisi.web.tr\/ariza-kodlari\/wp-json\/wp\/v2\/media?parent=242"}],"wp:term":[{"taxonomy":"category","embeddable":true,"href":"https:\/\/servisi.web.tr\/ariza-kodlari\/wp-json\/wp\/v2\/categories?post=242"},{"taxonomy":"post_tag","embeddable":true,"href":"https:\/\/servisi.web.tr\/ariza-kodlari\/wp-json\/wp\/v2\/tags?post=242"}],"curies":[{"name":"wp","href":"https:\/\/api.w.org\/{rel}","templated":true}]}}